{"id":174,"date":"2020-09-09T21:48:10","date_gmt":"2020-09-09T21:48:10","guid":{"rendered":"https:\/\/www.sustainable.cl\/?post_type=noticias&#038;p=174"},"modified":"2024-03-14T22:11:34","modified_gmt":"2024-03-14T21:11:34","slug":"nuevo-proyecto-corfo","status":"publish","type":"noticias","link":"https:\/\/www.sustainable.cl\/en\/noticias\/nuevo-proyecto-corfo\/","title":{"rendered":"Consorcio I+D se adjudica Proyecto CORFO"},"content":{"rendered":"\n<h2 class=\"wp-block-heading\">Consorcio I+D se adjudica Proyecto CORFO<\/h2>\n\n\n\n<p class=\"has-text-align-center\"><strong>Programa Tecnol\u00f3gico de Transformaci\u00f3n Productiva ante el Cambio Clim\u00e1tico:<\/strong><\/p>\n\n\n\n<p class=\"has-text-align-center\"><strong>CONSORCIO I+D VINOS DE CHILE SE ADJUDICA PROYECTO CORFO<\/strong><\/p>\n\n\n<div class=\"wp-block-image\">\n<figure class=\"aligncenter size-large is-resized\"><img loading=\"lazy\" decoding=\"async\" width=\"1024\" height=\"452\" src=\"https:\/\/www.sustainable.cl\/wp-content\/uploads\/2023\/01\/Logos-frase-01-1024x452.jpg\" alt=\"\" class=\"wp-image-1011\" style=\"width:277px;height:122px\" srcset=\"https:\/\/www.sustainable.cl\/wp-content\/uploads\/2023\/01\/Logos-frase-01-1024x452.jpg 1024w, https:\/\/www.sustainable.cl\/wp-content\/uploads\/2023\/01\/Logos-frase-01-300x133.jpg 300w, https:\/\/www.sustainable.cl\/wp-content\/uploads\/2023\/01\/Logos-frase-01-768x339.jpg 768w, https:\/\/www.sustainable.cl\/wp-content\/uploads\/2023\/01\/Logos-frase-01.jpg 1306w\" sizes=\"(max-width: 1024px) 100vw, 1024px\" \/><\/figure><\/div>\n\n\n<p>De un total de 22 postulaciones presentadas a la Convocatoria de CORFO de Programas Tecnol\u00f3gicos de Transformaci\u00f3n Productiva ante el Cambio Clim\u00e1tico, el Consorcio I+D Vinos de Chile recibi\u00f3 la noticia de la adjudicaci\u00f3n de su propuesta: &#8220;<strong>Herramientas agroclim\u00e1ticas y de agricultura regenerativa para enfrentar el cambio clim\u00e1tico, disminuyendo brechas t\u00e9cnicas y de informaci\u00f3n para vides y frutales<\/strong>.&#8221;.<\/p>\n\n\n\n<p>La iniciativa fue seleccionada junto a otras dos, de los sectores de alimentos y construcci\u00f3n. Los criterios de evaluaci\u00f3n de los proyectos consideraron la pertinencia y adicionalidad tecnol\u00f3gica de la propuesta, las capacidades de los participantes (beneficiario, coejecturores y asociados), la coherencia del plan de trabajo, del modelo de gesti\u00f3n y presupuesto, junto con los resultados e impactos a obtener.<\/p>\n\n\n\n<p><em><strong>La propuesta<\/strong><\/em><\/p>\n\n\n\n<p>El programa presentado por el Consorcio I+D contribuir\u00e1 de manera directa y pr\u00e1ctica a la mitigaci\u00f3n y adaptaci\u00f3n al cambio clim\u00e1tico en el sector agr\u00edcola. Considera el desarrollo de herramientas de alto valor tecnol\u00f3gico y de gesti\u00f3n sobre informaci\u00f3n agroclim\u00e1tica, eficiencia de riego y modelos predictivos, que permiten tomar acciones de manejo oportuno ante la variabilidad clim\u00e1tica y la presencia de enfermedades. Adem\u00e1s, considera un paquete tecnol\u00f3gico de manejo de viticultura regenerativa, la cual est\u00e1 tomando fuerza a nivel internacional; y la posibilidad de desarrollar indicadores futuros de sustentabilidad con impacto ambiental y comercial. Esto se traducir\u00e1 en una nueva plataforma de informaci\u00f3n agroclim\u00e1tica con bases de datos homog\u00e9neas e informaci\u00f3n procesada e incorporar\u00e1 las herramientas tecnol\u00f3gicas desarrolladas.<\/p>\n\n\n\n<p>El desarrollo ser\u00e1 coejecutado por tres instituciones p\u00fablicas y privadas: Universidad de Talca, el Instituto de Investigaciones Agropecuarias y el Centro de Investigaci\u00f3n e Innovaci\u00f3n de Vi\u00f1a Concha y Toro.<\/p>\n\n\n<div class=\"wp-block-image\">\n<figure class=\"aligncenter size-large is-resized\"><img loading=\"lazy\" decoding=\"async\" width=\"1024\" height=\"278\" src=\"https:\/\/www.sustainable.cl\/wp-content\/uploads\/2023\/01\/COEJECUTORES-09-1024x278.png\" alt=\"\" class=\"wp-image-1012\" style=\"width:622px;height:167px\" srcset=\"https:\/\/www.sustainable.cl\/wp-content\/uploads\/2023\/01\/COEJECUTORES-09-1024x278.png 1024w, https:\/\/www.sustainable.cl\/wp-content\/uploads\/2023\/01\/COEJECUTORES-09-300x81.png 300w, https:\/\/www.sustainable.cl\/wp-content\/uploads\/2023\/01\/COEJECUTORES-09-768x208.png 768w, https:\/\/www.sustainable.cl\/wp-content\/uploads\/2023\/01\/COEJECUTORES-09-1536x417.png 1536w, https:\/\/www.sustainable.cl\/wp-content\/uploads\/2023\/01\/COEJECUTORES-09-2048x556.png 2048w\" sizes=\"(max-width: 1024px) 100vw, 1024px\" \/><\/figure><\/div>\n\n\n<p><\/p>\n\n\n\n<p>Considera un plazo de 5 a\u00f1os para su realizaci\u00f3n, divido en dos etapas. La primera de 36 meses, en la cual se desarrollar\u00e1n e implementar\u00e1n las herramientas tecnol\u00f3gicas y una segunda etapa de transferencia tecnol\u00f3gica con una duraci\u00f3n de 24 meses. Est\u00e1 conformado por 4 proyectos, los cuales generar\u00e1n sinergias para el desarrollo final de la plataforma.<\/p>\n\n\n<div class=\"wp-block-image\">\n<figure class=\"aligncenter size-large is-resized\"><img loading=\"lazy\" decoding=\"async\" width=\"1024\" height=\"791\" src=\"https:\/\/www.sustainable.cl\/wp-content\/uploads\/2023\/01\/Proyectos_Mesa-de-trabajo-1-1024x791.png\" alt=\"\" class=\"wp-image-1013\" style=\"width:590px;height:455px\" srcset=\"https:\/\/www.sustainable.cl\/wp-content\/uploads\/2023\/01\/Proyectos_Mesa-de-trabajo-1-1024x791.png 1024w, https:\/\/www.sustainable.cl\/wp-content\/uploads\/2023\/01\/Proyectos_Mesa-de-trabajo-1-300x232.png 300w, https:\/\/www.sustainable.cl\/wp-content\/uploads\/2023\/01\/Proyectos_Mesa-de-trabajo-1-768x593.png 768w, https:\/\/www.sustainable.cl\/wp-content\/uploads\/2023\/01\/Proyectos_Mesa-de-trabajo-1-1536x1187.png 1536w, https:\/\/www.sustainable.cl\/wp-content\/uploads\/2023\/01\/Proyectos_Mesa-de-trabajo-1-2048x1583.png 2048w\" sizes=\"(max-width: 1024px) 100vw, 1024px\" \/><\/figure><\/div>\n\n\n<p>La iniciativa se desarrollar\u00e1 a partir de 2023 y para su desarrollo recibir\u00e1 un aporte estatal de $1.160.000.000 y m\u00e1s de 800 millones por parte del sector.<\/p>\n\n\n\n<p><em>\u201cEstamos muy contento de dar continuidad al trabajo que lleva el Consorcio I+D durante varios a\u00f1os y esperamos con este nuevo proyecto\u2026\u201d, <\/em>Patricio Parra, Gerente Consorcio I+D Vinos de Chile. (Pato\u2026 continuar con lo que quieras decir)<\/p>\n\n\n\n<p><em><strong>Programas Tecnol\u00f3gicos de Transformaci\u00f3n Productiva ante el Cambio Clim\u00e1tico<\/strong><\/em><\/p>\n\n\n\n<p>Para abordar distintos desaf\u00edos de desarrollo tecnol\u00f3gico para la adaptaci\u00f3n a la crisis clim\u00e1tica, Corfo lanz\u00f3 en el mes de abril de este a\u00f1o, la convocatoria \u201cProgramas Tecnol\u00f3gicos de Transformaci\u00f3n Productiva ante el Cambio Clim\u00e1tico\u201d. El foco es incrementar la tasa de innovaci\u00f3n tecnol\u00f3gica en productos y procesos de las empresas, en colaboraci\u00f3n con otras entidades, con un portafolios de proyectos de desarrollo tecnol\u00f3gico que permitan disminuir y\/o cerrar las brechas detectadas, mejorar la productividad del sector y contribuir a su diversificaci\u00f3n y\/o sofisticaci\u00f3n.<\/p>\n\n\n\n<p>Las propuestas que postularon se focalizaron en al menos una de las siguientes brechas y\/o desaf\u00edos:<\/p>\n\n\n\n<p><strong>a)<\/strong> Descarbonizaci\u00f3n, entendido como la eliminaci\u00f3n del uso de combustibles f\u00f3siles, de matrices productivas que impactan en la competitividad del sector y su crecimiento sostenible en el largo plazo.<\/p>\n\n\n\n<p><strong>b) <\/strong>Baja eficiencia en el uso de recursos (necesarios para el desarrollo productivo) que se est\u00e1n viendo afectados por la crisis clim\u00e1tica, y por tanto colocan en riesgo la sostenibilidad del sector y sus cadenas de valor<\/p>\n\n\n\n<p><strong>c)<\/strong> Falta de adicionalidad tecnol\u00f3gica a los procesos productivos y del mercado, que permitan su adaptaci\u00f3n a condiciones que ha impuesto el cambio clim\u00e1tico, agregando valor y aumentando la competitividad del sector priorizado. <a id=\"_ednref1\" href=\"#_edn1\">[i]<\/a><\/p>\n\n\n\n<p>La propuesta pretende que los desarrollos tecnol\u00f3gicos den respuesta a necesidades reales de la industria que contribuyan a la adaptaci\u00f3n y mitigaci\u00f3n del cambio clim\u00e1tico. &nbsp;<\/p>\n\n\n\n<hr class=\"wp-block-separator has-alpha-channel-opacity\"\/>\n\n\n\n<p><a href=\"#_ednref1\" id=\"_edn1\">[i]<\/a> Fuente: Gu\u00eda t\u00e9cnica para convocatoria Programas Tecnol\u00f3gicos de Transformaci\u00f3n Productiva ante el Cambio Clim\u00e1tico \u2013 CORFO.<\/p>\n\n\n<p>[:]<br \/>\n<\/p>","protected":false},"featured_media":78,"template":"","acf":[],"_links":{"self":[{"href":"https:\/\/www.sustainable.cl\/en\/wp-json\/wp\/v2\/noticias\/174"}],"collection":[{"href":"https:\/\/www.sustainable.cl\/en\/wp-json\/wp\/v2\/noticias"}],"about":[{"href":"https:\/\/www.sustainable.cl\/en\/wp-json\/wp\/v2\/types\/noticias"}],"wp:featuredmedia":[{"embeddable":true,"href":"https:\/\/www.sustainable.cl\/en\/wp-json\/wp\/v2\/media\/78"}],"wp:attachment":[{"href":"https:\/\/www.sustainable.cl\/en\/wp-json\/wp\/v2\/media?parent=174"}],"curies":[{"name":"wp","href":"https:\/\/api.w.org\/{rel}","templated":true}]}}